{"@context":{"dc":"http:\/\/purl.org\/dc\/elements\/1.1\/","skos":"http:\/\/www.w3.org\/2004\/02\/skos\/core#","skos:broader":{"@type":"@id"},"skos:inScheme":{"@type":"@id"},"skos:related":{"@type":"@id"},"skos:narrower":{"@type":"@id"},"skos:hasTopConcept":{"@type":"@id"},"skos:topConceptOf":{"@type":"@id"}},"@id":"https:\/\/library.fes.de\/tematres\/vocab\/skos\/8301","@type":"skos:Concept","skos:prefLabel":{"@language":"de","@value=":"Mensch mit Behinderung"},"skos:inScheme":"https:\/\/library.fes.de\/tematres\/vocab\/","dct:created":"2016-06-17 09:44:14","dct:modified":"2021-08-27 11:28:08","skos:altLabel":[{"language":"de","value":"Arbeitskraftbeschr\u00e4nkter"},{"language":"de","value":"Behinderter Mensch"},{"language":"de","value":"Blinder"},{"language":"de","value":"Gebrechlicher"},{"language":"de","value":"Geistig Behinderter"},{"language":"de","value":"K\u00f6rperbehinderter"},{"language":"de","value":"Lernbehinderter"},{"language":"de","value":"Mensch mit Beeintr\u00e4chtigung"},{"language":"de","value":"Schwerbesch\u00e4digter"},{"language":"de","value":"Versehrter"}],"skos:related":["https:\/\/library.fes.de\/tematres\/vocab\/skos\/11401","https:\/\/library.fes.de\/tematres\/vocab\/skos\/4211","https:\/\/library.fes.de\/tematres\/vocab\/skos\/8516","https:\/\/library.fes.de\/tematres\/vocab\/skos\/8298","https:\/\/library.fes.de\/tematres\/vocab\/skos\/8547"]}