{"@context":{"dc":"http:\/\/purl.org\/dc\/elements\/1.1\/","skos":"http:\/\/www.w3.org\/2004\/02\/skos\/core#","skos:broader":{"@type":"@id"},"skos:inScheme":{"@type":"@id"},"skos:related":{"@type":"@id"},"skos:narrower":{"@type":"@id"},"skos:hasTopConcept":{"@type":"@id"},"skos:topConceptOf":{"@type":"@id"}},"@id":"https:\/\/library.fes.de\/tematres\/vocab\/skos\/7793","@type":"skos:Concept","skos:prefLabel":{"@language":"de","@value=":"Gewerkschaft, F\u00fchrung"},"skos:inScheme":"https:\/\/library.fes.de\/tematres\/vocab\/","dct:created":"2016-06-17 09:44:11","skos:altLabel":[{"language":"de","value":"Gewerkschaft, F\u00fchrungsgruppe"},{"language":"de","value":"Gewerkschaft, F\u00fchrungsschicht"},{"language":"de","value":"Gewerkschaftsf\u00fchrung"}],"skos:related":["https:\/\/library.fes.de\/tematres\/vocab\/skos\/3551","https:\/\/library.fes.de\/tematres\/vocab\/skos\/3715","https:\/\/library.fes.de\/tematres\/vocab\/skos\/10304","https:\/\/library.fes.de\/tematres\/vocab\/skos\/3553","https:\/\/library.fes.de\/tematres\/vocab\/skos\/7794","https:\/\/library.fes.de\/tematres\/vocab\/skos\/10535","https:\/\/library.fes.de\/tematres\/vocab\/skos\/3718","https:\/\/library.fes.de\/tematres\/vocab\/skos\/7795","https:\/\/library.fes.de\/tematres\/vocab\/skos\/7796"]}