{"@context":{"dc":"http:\/\/purl.org\/dc\/elements\/1.1\/","skos":"http:\/\/www.w3.org\/2004\/02\/skos\/core#","skos:broader":{"@type":"@id"},"skos:inScheme":{"@type":"@id"},"skos:related":{"@type":"@id"},"skos:narrower":{"@type":"@id"},"skos:hasTopConcept":{"@type":"@id"},"skos:topConceptOf":{"@type":"@id"}},"@id":"https:\/\/library.fes.de\/tematres\/vocab\/skos\/7782","@type":"skos:Concept","skos:prefLabel":{"@language":"de","@value=":"M\u00f6bel"},"skos:inScheme":"https:\/\/library.fes.de\/tematres\/vocab\/","dct:created":"2016-06-17 09:44:11","skos:altLabel":[{"language":"de","value":"B\u00fcrom\u00f6bel"},{"language":"de","value":"Einrichtungsgegenst\u00e4nde"},{"language":"de","value":"Holzm\u00f6bel"},{"language":"de","value":"Wohnm\u00f6bel"}],"skos:related":["https:\/\/library.fes.de\/tematres\/vocab\/skos\/720","https:\/\/library.fes.de\/tematres\/vocab\/skos\/7787","https:\/\/library.fes.de\/tematres\/vocab\/skos\/363"]}