{"@context":{"dc":"http:\/\/purl.org\/dc\/elements\/1.1\/","skos":"http:\/\/www.w3.org\/2004\/02\/skos\/core#","skos:broader":{"@type":"@id"},"skos:inScheme":{"@type":"@id"},"skos:related":{"@type":"@id"},"skos:narrower":{"@type":"@id"},"skos:hasTopConcept":{"@type":"@id"},"skos:topConceptOf":{"@type":"@id"}},"@id":"https:\/\/library.fes.de\/tematres\/vocab\/skos\/724","@type":"skos:Concept","skos:prefLabel":{"@language":"de","@value=":"Wirtschaftswissenschaft"},"skos:inScheme":"https:\/\/library.fes.de\/tematres\/vocab\/","dct:created":"2016-06-17 09:43:45","skos:altLabel":[{"language":"de","value":"National\u00f6konomie"},{"language":"de","value":"Sozial\u00f6konomik"},{"language":"de","value":"Sozialrechtliche Schule"},{"language":"de","value":"Theorie &lt;National\u00f6konomie&gt;"}],"skos:related":["https:\/\/library.fes.de\/tematres\/vocab\/skos\/1810","https:\/\/library.fes.de\/tematres\/vocab\/skos\/723","https:\/\/library.fes.de\/tematres\/vocab\/skos\/5015","https:\/\/library.fes.de\/tematres\/vocab\/skos\/880","https:\/\/library.fes.de\/tematres\/vocab\/skos\/1225","https:\/\/library.fes.de\/tematres\/vocab\/skos\/3243","https:\/\/library.fes.de\/tematres\/vocab\/skos\/940","https:\/\/library.fes.de\/tematres\/vocab\/skos\/3098","https:\/\/library.fes.de\/tematres\/vocab\/skos\/886","https:\/\/library.fes.de\/tematres\/vocab\/skos\/286","https:\/\/library.fes.de\/tematres\/vocab\/skos\/2522","https:\/\/library.fes.de\/tematres\/vocab\/skos\/1227","https:\/\/library.fes.de\/tematres\/vocab\/skos\/7382","https:\/\/library.fes.de\/tematres\/vocab\/skos\/9941","https:\/\/library.fes.de\/tematres\/vocab\/skos\/5441","https:\/\/library.fes.de\/tematres\/vocab\/skos\/376"]}