{"@context":{"dc":"http:\/\/purl.org\/dc\/elements\/1.1\/","skos":"http:\/\/www.w3.org\/2004\/02\/skos\/core#","skos:broader":{"@type":"@id"},"skos:inScheme":{"@type":"@id"},"skos:related":{"@type":"@id"},"skos:narrower":{"@type":"@id"},"skos:hasTopConcept":{"@type":"@id"},"skos:topConceptOf":{"@type":"@id"}},"@id":"https:\/\/library.fes.de\/tematres\/vocab\/skos\/7116","@type":"skos:Concept","skos:prefLabel":{"@language":"de","@value=":"Befriedung"},"skos:inScheme":"https:\/\/library.fes.de\/tematres\/vocab\/","dct:created":"2016-06-17 09:44:07","skos:altLabel":[{"language":"de","value":"Auss\u00f6hnung &lt;Internationale&gt;"},{"language":"de","value":"Auss\u00f6hnung &lt;Nationale&gt;"},{"language":"de","value":"Friedensbem\u00fchung"},{"language":"de","value":"Friedensbestrebung"},{"language":"de","value":"Friedensbildung"},{"language":"de","value":"Vers\u00f6hnung &lt;Internationale&gt;"},{"language":"de","value":"Vers\u00f6hnung &lt;Nationale&gt;"},{"language":"de","value":"Zivile Konfliktbearbeitung"},{"language":"de","value":"Ziviles Krisenmanagement"}],"skos:related":["https:\/\/library.fes.de\/tematres\/vocab\/skos\/4249","https:\/\/library.fes.de\/tematres\/vocab\/skos\/7109","https:\/\/library.fes.de\/tematres\/vocab\/skos\/8501","https:\/\/library.fes.de\/tematres\/vocab\/skos\/3510"]}