{"@context":{"dc":"http:\/\/purl.org\/dc\/elements\/1.1\/","skos":"http:\/\/www.w3.org\/2004\/02\/skos\/core#","skos:broader":{"@type":"@id"},"skos:inScheme":{"@type":"@id"},"skos:related":{"@type":"@id"},"skos:narrower":{"@type":"@id"},"skos:hasTopConcept":{"@type":"@id"},"skos:topConceptOf":{"@type":"@id"}},"@id":"https:\/\/library.fes.de\/tematres\/vocab\/skos\/624","@type":"skos:Concept","skos:prefLabel":{"@language":"de","@value=":"Fl\u00fcchtling"},"skos:inScheme":"https:\/\/library.fes.de\/tematres\/vocab\/","dct:created":"2016-06-17 09:43:45","skos:altLabel":[{"language":"de","value":"Emigrant"},{"language":"de","value":"Fl\u00fcchtlinge"},{"language":"de","value":"Gefl\u00fcchtete"},{"language":"de","value":"Gefl\u00fcchteter"}],"skos:related":["https:\/\/library.fes.de\/tematres\/vocab\/skos\/6950","https:\/\/library.fes.de\/tematres\/vocab\/skos\/6951","https:\/\/library.fes.de\/tematres\/vocab\/skos\/6952","https:\/\/library.fes.de\/tematres\/vocab\/skos\/415","https:\/\/library.fes.de\/tematres\/vocab\/skos\/621","https:\/\/library.fes.de\/tematres\/vocab\/skos\/1610","https:\/\/library.fes.de\/tematres\/vocab\/skos\/625","https:\/\/library.fes.de\/tematres\/vocab\/skos\/416"]}