{"@context":{"dc":"http:\/\/purl.org\/dc\/elements\/1.1\/","skos":"http:\/\/www.w3.org\/2004\/02\/skos\/core#","skos:broader":{"@type":"@id"},"skos:inScheme":{"@type":"@id"},"skos:related":{"@type":"@id"},"skos:narrower":{"@type":"@id"},"skos:hasTopConcept":{"@type":"@id"},"skos:topConceptOf":{"@type":"@id"}},"@id":"https:\/\/library.fes.de\/tematres\/vocab\/skos\/6151","@type":"skos:Concept","skos:prefLabel":{"@language":"de","@value=":"Erwerbsunf\u00e4higkeit"},"skos:inScheme":"https:\/\/library.fes.de\/tematres\/vocab\/","dct:created":"2016-06-17 09:44:02","skos:altLabel":[{"language":"de","value":"Berufsunf\u00e4higkeit"},{"language":"de","value":"Burnout-Syndrom"},{"language":"de","value":"Dienstunf\u00e4higkeit"},{"language":"de","value":"Erwerbsminderung"},{"language":"de","value":"Fr\u00fchinvalidit\u00e4t"},{"language":"de","value":"Fr\u00fchpensionierung"},{"language":"de","value":"Invalidit\u00e4t"},{"language":"de","value":"Minderung der Erwerbsf\u00e4higkeit"}],"skos:related":["https:\/\/library.fes.de\/tematres\/vocab\/skos\/4467","https:\/\/library.fes.de\/tematres\/vocab\/skos\/6159","https:\/\/library.fes.de\/tematres\/vocab\/skos\/1663"]}