{"@context":{"dc":"http:\/\/purl.org\/dc\/elements\/1.1\/","skos":"http:\/\/www.w3.org\/2004\/02\/skos\/core#","skos:broader":{"@type":"@id"},"skos:inScheme":{"@type":"@id"},"skos:related":{"@type":"@id"},"skos:narrower":{"@type":"@id"},"skos:hasTopConcept":{"@type":"@id"},"skos:topConceptOf":{"@type":"@id"}},"@id":"https:\/\/library.fes.de\/tematres\/vocab\/skos\/544","@type":"skos:Concept","skos:prefLabel":{"@language":"de","@value=":"Arbeitsmarktpolitik"},"skos:inScheme":"https:\/\/library.fes.de\/tematres\/vocab\/","dct:created":"2016-06-17 09:43:44","skos:altLabel":[{"language":"de","value":"Arbeitsbeschaffungspolitik"},{"language":"de","value":"Arbeitsf\u00f6rderung"},{"language":"de","value":"Besch\u00e4ftigungspolitik"},{"language":"de","value":"Besch\u00e4ftigungsprogramm"},{"language":"de","value":"Besch\u00e4ftigungssicherung"}],"skos:related":["https:\/\/library.fes.de\/tematres\/vocab\/skos\/543","https:\/\/library.fes.de\/tematres\/vocab\/skos\/669","https:\/\/library.fes.de\/tematres\/vocab\/skos\/11359","https:\/\/library.fes.de\/tematres\/vocab\/skos\/2807","https:\/\/library.fes.de\/tematres\/vocab\/skos\/4095","https:\/\/library.fes.de\/tematres\/vocab\/skos\/7096","https:\/\/library.fes.de\/tematres\/vocab\/skos\/4096","https:\/\/library.fes.de\/tematres\/vocab\/skos\/2806","https:\/\/library.fes.de\/tematres\/vocab\/skos\/7434","https:\/\/library.fes.de\/tematres\/vocab\/skos\/8314","https:\/\/library.fes.de\/tematres\/vocab\/skos\/2808","https:\/\/library.fes.de\/tematres\/vocab\/skos\/34","https:\/\/library.fes.de\/tematres\/vocab\/skos\/4097","https:\/\/library.fes.de\/tematres\/vocab\/skos\/4094","https:\/\/library.fes.de\/tematres\/vocab\/skos\/4505","https:\/\/library.fes.de\/tematres\/vocab\/skos\/2154","https:\/\/library.fes.de\/tematres\/vocab\/skos\/696","https:\/\/library.fes.de\/tematres\/vocab\/skos\/4789"]}