{"@context":{"dc":"http:\/\/purl.org\/dc\/elements\/1.1\/","skos":"http:\/\/www.w3.org\/2004\/02\/skos\/core#","skos:broader":{"@type":"@id"},"skos:inScheme":{"@type":"@id"},"skos:related":{"@type":"@id"},"skos:narrower":{"@type":"@id"},"skos:hasTopConcept":{"@type":"@id"},"skos:topConceptOf":{"@type":"@id"}},"@id":"https:\/\/library.fes.de\/tematres\/vocab\/skos\/3725","@type":"skos:Concept","skos:prefLabel":{"@language":"de","@value=":"Politische Haft"},"skos:inScheme":"https:\/\/library.fes.de\/tematres\/vocab\/","dct:created":"2016-06-17 09:43:53","skos:altLabel":[{"language":"de","value":"Folter"},{"language":"de","value":"Gefangener, Politischer"},{"language":"de","value":"Hausarrest"},{"language":"de","value":"Politische Gefangene"},{"language":"de","value":"Politische Straft\u00e4ter"},{"language":"de","value":"Politischer Gefangener"},{"language":"de","value":"Politischer Straft\u00e4ter"},{"language":"de","value":"Schutzhaft"},{"language":"de","value":"Straft\u00e4ter, Politischer"}],"skos:related":["https:\/\/library.fes.de\/tematres\/vocab\/skos\/475","https:\/\/library.fes.de\/tematres\/vocab\/skos\/7747","https:\/\/library.fes.de\/tematres\/vocab\/skos\/7743","https:\/\/library.fes.de\/tematres\/vocab\/skos\/7010","https:\/\/library.fes.de\/tematres\/vocab\/skos\/1800","https:\/\/library.fes.de\/tematres\/vocab\/skos\/4056","https:\/\/library.fes.de\/tematres\/vocab\/skos\/5139","https:\/\/library.fes.de\/tematres\/vocab\/skos\/13354","https:\/\/library.fes.de\/tematres\/vocab\/skos\/3726","https:\/\/library.fes.de\/tematres\/vocab\/skos\/478"]}