{"@context":{"dc":"http:\/\/purl.org\/dc\/elements\/1.1\/","skos":"http:\/\/www.w3.org\/2004\/02\/skos\/core#","skos:broader":{"@type":"@id"},"skos:inScheme":{"@type":"@id"},"skos:related":{"@type":"@id"},"skos:narrower":{"@type":"@id"},"skos:hasTopConcept":{"@type":"@id"},"skos:topConceptOf":{"@type":"@id"}},"@id":"https:\/\/library.fes.de\/tematres\/vocab\/skos\/3510","@type":"skos:Concept","skos:prefLabel":{"@language":"de","@value=":"V\u00f6lkerverst\u00e4ndigung"},"skos:inScheme":"https:\/\/library.fes.de\/tematres\/vocab\/","dct:created":"2016-06-17 09:43:52","dct:modified":"2022-01-06 14:21:29","skos:altLabel":[{"language":"de","value":"Internationale Verst\u00e4ndigung"},{"language":"de","value":"Vers\u00f6hnung &lt;Internationale&gt;"},{"language":"de","value":"Verst\u00e4ndigung, Internationale"}],"skos:related":["https:\/\/library.fes.de\/tematres\/vocab\/skos\/3376","https:\/\/library.fes.de\/tematres\/vocab\/skos\/85","https:\/\/library.fes.de\/tematres\/vocab\/skos\/2192","https:\/\/library.fes.de\/tematres\/vocab\/skos\/7116","https:\/\/library.fes.de\/tematres\/vocab\/skos\/4224","https:\/\/library.fes.de\/tematres\/vocab\/skos\/4249","https:\/\/library.fes.de\/tematres\/vocab\/skos\/7109","https:\/\/library.fes.de\/tematres\/vocab\/skos\/3668","https:\/\/library.fes.de\/tematres\/vocab\/skos\/4227","https:\/\/library.fes.de\/tematres\/vocab\/skos\/3669","https:\/\/library.fes.de\/tematres\/vocab\/skos\/4422","https:\/\/library.fes.de\/tematres\/vocab\/skos\/3639","https:\/\/library.fes.de\/tematres\/vocab\/skos\/4223","https:\/\/library.fes.de\/tematres\/vocab\/skos\/4228","https:\/\/library.fes.de\/tematres\/vocab\/skos\/4995","https:\/\/library.fes.de\/tematres\/vocab\/skos\/1235"]}