{"@context":{"dc":"http:\/\/purl.org\/dc\/elements\/1.1\/","skos":"http:\/\/www.w3.org\/2004\/02\/skos\/core#","skos:broader":{"@type":"@id"},"skos:inScheme":{"@type":"@id"},"skos:related":{"@type":"@id"},"skos:narrower":{"@type":"@id"},"skos:hasTopConcept":{"@type":"@id"},"skos:topConceptOf":{"@type":"@id"}},"@id":"https:\/\/library.fes.de\/tematres\/vocab\/skos\/3074","@type":"skos:Concept","skos:prefLabel":{"@language":"de","@value=":"Bev\u00f6lkerungsstruktur"},"skos:inScheme":"https:\/\/library.fes.de\/tematres\/vocab\/","dct:created":"2016-06-17 09:43:51","skos:altLabel":[{"language":"de","value":"Altersaufbau"},{"language":"de","value":"Bev\u00f6lkerungsaufbau"},{"language":"de","value":"Bev\u00f6lkerungsgliederung"},{"language":"de","value":"Bev\u00f6lkerungspyramide"}],"skos:related":["https:\/\/library.fes.de\/tematres\/vocab\/skos\/3067","https:\/\/library.fes.de\/tematres\/vocab\/skos\/3582","https:\/\/library.fes.de\/tematres\/vocab\/skos\/867"]}