{"@context":{"dc":"http:\/\/purl.org\/dc\/elements\/1.1\/","skos":"http:\/\/www.w3.org\/2004\/02\/skos\/core#","skos:broader":{"@type":"@id"},"skos:inScheme":{"@type":"@id"},"skos:related":{"@type":"@id"},"skos:narrower":{"@type":"@id"},"skos:hasTopConcept":{"@type":"@id"},"skos:topConceptOf":{"@type":"@id"}},"@id":"https:\/\/library.fes.de\/tematres\/vocab\/skos\/1800","@type":"skos:Concept","skos:prefLabel":{"@language":"de","@value=":"Politische Justiz"},"skos:inScheme":"https:\/\/library.fes.de\/tematres\/vocab\/","dct:created":"2016-06-17 09:43:48","skos:altLabel":[{"language":"de","value":"Justiz"},{"language":"de","value":"Klassenjustiz"},{"language":"de","value":"Politische Prozesse &lt;Recht&gt;"},{"language":"de","value":"Politischer Proze\u00df &lt;Recht&gt;"},{"language":"de","value":"Politischer Strafproze\u00df"},{"language":"de","value":"Politischer Straft\u00e4ter"},{"language":"de","value":"Politisches Strafrecht"},{"language":"de","value":"Schauproze\u00df"},{"language":"de","value":"Tribunal"}],"skos:related":["https:\/\/library.fes.de\/tematres\/vocab\/skos\/3548","https:\/\/library.fes.de\/tematres\/vocab\/skos\/7010","https:\/\/library.fes.de\/tematres\/vocab\/skos\/3157","https:\/\/library.fes.de\/tematres\/vocab\/skos\/13055","https:\/\/library.fes.de\/tematres\/vocab\/skos\/3725","https:\/\/library.fes.de\/tematres\/vocab\/skos\/5139","https:\/\/library.fes.de\/tematres\/vocab\/skos\/179","https:\/\/library.fes.de\/tematres\/vocab\/skos\/981","https:\/\/library.fes.de\/tematres\/vocab\/skos\/565","https:\/\/library.fes.de\/tematres\/vocab\/skos\/1185","https:\/\/library.fes.de\/tematres\/vocab\/skos\/2024"]}