{"@context":{"dc":"http:\/\/purl.org\/dc\/elements\/1.1\/","skos":"http:\/\/www.w3.org\/2004\/02\/skos\/core#","skos:broader":{"@type":"@id"},"skos:inScheme":{"@type":"@id"},"skos:related":{"@type":"@id"},"skos:narrower":{"@type":"@id"},"skos:hasTopConcept":{"@type":"@id"},"skos:topConceptOf":{"@type":"@id"}},"@id":"https:\/\/library.fes.de\/tematres\/vocab\/skos\/1665","@type":"skos:Concept","skos:prefLabel":{"@language":"de","@value=":"Europ\u00e4ische Integration"},"skos:inScheme":"https:\/\/library.fes.de\/tematres\/vocab\/","dct:created":"2016-06-17 09:43:47","skos:altLabel":[{"language":"de","value":"Europ\u00e4ische Einheit"},{"language":"de","value":"Europ\u00e4ische Einigung"},{"language":"de","value":"Integration &lt;Europ\u00e4ische&gt;"}],"skos:related":["https:\/\/library.fes.de\/tematres\/vocab\/skos\/12926","https:\/\/library.fes.de\/tematres\/vocab\/skos\/4409","https:\/\/library.fes.de\/tematres\/vocab\/skos\/6643","https:\/\/library.fes.de\/tematres\/vocab\/skos\/1666","https:\/\/library.fes.de\/tematres\/vocab\/skos\/4668","https:\/\/library.fes.de\/tematres\/vocab\/skos\/5835","https:\/\/library.fes.de\/tematres\/vocab\/skos\/1664","https:\/\/library.fes.de\/tematres\/vocab\/skos\/4900","https:\/\/library.fes.de\/tematres\/vocab\/skos\/4235"]}