{"@context":{"dc":"http:\/\/purl.org\/dc\/elements\/1.1\/","skos":"http:\/\/www.w3.org\/2004\/02\/skos\/core#","skos:broader":{"@type":"@id"},"skos:inScheme":{"@type":"@id"},"skos:related":{"@type":"@id"},"skos:narrower":{"@type":"@id"},"skos:hasTopConcept":{"@type":"@id"},"skos:topConceptOf":{"@type":"@id"}},"@id":"https:\/\/library.fes.de\/tematres\/vocab\/skos\/1609","@type":"skos:Concept","skos:prefLabel":{"@language":"de","@value=":"Minderheit"},"skos:inScheme":"https:\/\/library.fes.de\/tematres\/vocab\/","dct:created":"2016-06-17 09:43:47","skos:altLabel":[{"language":"de","value":"Andersfarbiger Bev\u00f6lkerungsteil"},{"language":"de","value":"Ethnische Minderheit"},{"language":"de","value":"Minorit\u00e4t"},{"language":"de","value":"Nationale Minderheit"},{"language":"de","value":"Religi\u00f6se Minderheit"},{"language":"de","value":"Sprachliche Minderheit"}],"skos:related":["https:\/\/library.fes.de\/tematres\/vocab\/skos\/1604","https:\/\/library.fes.de\/tematres\/vocab\/skos\/1295","https:\/\/library.fes.de\/tematres\/vocab\/skos\/1068","https:\/\/library.fes.de\/tematres\/vocab\/skos\/1296","https:\/\/library.fes.de\/tematres\/vocab\/skos\/1610","https:\/\/library.fes.de\/tematres\/vocab\/skos\/134"]}