{"@context":{"dc":"http:\/\/purl.org\/dc\/elements\/1.1\/","skos":"http:\/\/www.w3.org\/2004\/02\/skos\/core#","skos:broader":{"@type":"@id"},"skos:inScheme":{"@type":"@id"},"skos:related":{"@type":"@id"},"skos:narrower":{"@type":"@id"},"skos:hasTopConcept":{"@type":"@id"},"skos:topConceptOf":{"@type":"@id"}},"@id":"https:\/\/library.fes.de\/tematres\/vocab\/skos\/13440","@type":"skos:Concept","skos:prefLabel":{"@language":"de","@value=":"\u00d6kologische Transformation"},"skos:inScheme":"https:\/\/library.fes.de\/tematres\/vocab\/","dct:created":"2021-08-30 13:18:47","skos:altLabel":[{"language":"de","value":"Sozial-\u00d6kologische Transformation"},{"language":"de","value":"Sozial-\u00d6kologischer Umbau"},{"language":"de","value":"Sozio\u00f6konomischer Wandel"}],"skos:related":["https:\/\/library.fes.de\/tematres\/vocab\/skos\/11277","https:\/\/library.fes.de\/tematres\/vocab\/skos\/3983","https:\/\/library.fes.de\/tematres\/vocab\/skos\/9460","https:\/\/library.fes.de\/tematres\/vocab\/skos\/1464"]}