{"@context":{"dc":"http:\/\/purl.org\/dc\/elements\/1.1\/","skos":"http:\/\/www.w3.org\/2004\/02\/skos\/core#","skos:broader":{"@type":"@id"},"skos:inScheme":{"@type":"@id"},"skos:related":{"@type":"@id"},"skos:narrower":{"@type":"@id"},"skos:hasTopConcept":{"@type":"@id"},"skos:topConceptOf":{"@type":"@id"}},"@id":"https:\/\/library.fes.de\/tematres\/vocab\/skos\/1114","@type":"skos:Concept","skos:prefLabel":{"@language":"de","@value=":"Sozialhilfe"},"skos:inScheme":"https:\/\/library.fes.de\/tematres\/vocab\/","dct:created":"2016-06-17 09:43:46","skos:altLabel":[{"language":"de","value":"Armenf\u00fcrsorge"},{"language":"de","value":"Armenpflege"},{"language":"de","value":"Familienf\u00fcrsorge"},{"language":"de","value":"F\u00fcrsorge"},{"language":"de","value":"Obdachlosenhilfe"},{"language":"de","value":"\u00d6ffentliche F\u00fcrsorge"},{"language":"de","value":"Soziale F\u00fcrsorge"},{"language":"de","value":"Soziale Grundsicherung"},{"language":"de","value":"Soziale Hilfe"},{"language":"de","value":"Sozialf\u00fcrsorge"},{"language":"de","value":"Sozialwerk"},{"language":"de","value":"Wohlfahrtspflege &lt;Staatliche&gt;"}],"skos:related":["https:\/\/library.fes.de\/tematres\/vocab\/skos\/951","https:\/\/library.fes.de\/tematres\/vocab\/skos\/3943","https:\/\/library.fes.de\/tematres\/vocab\/skos\/3944","https:\/\/library.fes.de\/tematres\/vocab\/skos\/3675","https:\/\/library.fes.de\/tematres\/vocab\/skos\/1680","https:\/\/library.fes.de\/tematres\/vocab\/skos\/8559","https:\/\/library.fes.de\/tematres\/vocab\/skos\/11372","https:\/\/library.fes.de\/tematres\/vocab\/skos\/4466","https:\/\/library.fes.de\/tematres\/vocab\/skos\/6456","https:\/\/library.fes.de\/tematres\/vocab\/skos\/1113","https:\/\/library.fes.de\/tematres\/vocab\/skos\/1108","https:\/\/library.fes.de\/tematres\/vocab\/skos\/8695","https:\/\/library.fes.de\/tematres\/vocab\/skos\/1963","https:\/\/library.fes.de\/tematres\/vocab\/skos\/2801","https:\/\/library.fes.de\/tematres\/vocab\/skos\/8975"]}